{"id":34934,"date":"2022-09-14T10:21:43","date_gmt":"2022-09-14T09:21:43","guid":{"rendered":"https:\/\/www.cornwallcontemporary.com\/interview-de-jim-moir-par-itv-au-cornwall-contemporary\/"},"modified":"2022-09-20T15:59:51","modified_gmt":"2022-09-20T14:59:51","slug":"interview-de-jim-moir-par-itv-au-cornwall-contemporary","status":"publish","type":"post","link":"https:\/\/www.cornwallcontemporary.com\/fr\/interview-de-jim-moir-par-itv-au-cornwall-contemporary\/","title":{"rendered":"Interview de Jim Moir par ITV au Cornwall Contemporary"},"content":{"rendered":"\n<figure class=\"wp-block-embed is-type-video is-provider-youtube wp-block-embed-youtube wp-embed-aspect-16-9 wp-has-aspect-ratio\"><div class=\"wp-block-embed__wrapper\">\n<div class=\"nv-iframe-embed\"><iframe loading=\"lazy\" title=\"ITV interview with Jim Moir aka Vic Reeves at Cornwall Contemporary\" width=\"1200\" height=\"675\" src=\"https:\/\/www.youtube.com\/embed\/Rp4JnlCFPWc?feature=oembed\" frameborder=\"0\" allow=\"accelerometer; autoplay; clipboard-write; encrypted-media; gyroscope; picture-in-picture\" allowfullscreen><\/iframe><\/div>\n<\/div><\/figure>\n\n<p>ITV visite la galerie Cornwall Contemporary et la journaliste Charlotte Gay s&rsquo;entretient avec l&rsquo;artiste Jim Moir, \u00e9galement connu sous le nom de Vic Reeves, com\u00e9dien, acteur, pr\u00e9sentateur et auteur, \u00e0 propos de sa toute premi\u00e8re exposition personnelle de peintures et de sculptures en Cornouailles.<\/p>\n","protected":false},"excerpt":{"rendered":"<p>ITV visite la galerie Cornwall Contemporary et la journaliste Charlotte Gay s&rsquo;entretient avec l&rsquo;artiste Jim Moir, \u00e9galement connu sous le nom de Vic Reeves, com\u00e9dien, acteur, pr\u00e9sentateur et auteur, \u00e0 propos de sa toute premi\u00e8re exposition personnelle de peintures et de sculptures en Cornouailles.<\/p>\n","protected":false},"author":2,"featured_media":34856,"comment_status":"open","ping_status":"open","sticky":false,"template":"","format":"standard","meta":{"_monsterinsights_skip_tracking":false,"_monsterinsights_sitenote_active":false,"_monsterinsights_sitenote_note":"","_monsterinsights_sitenote_category":0,"neve_meta_sidebar":"","neve_meta_container":"","neve_meta_enable_content_width":"","neve_meta_content_width":0,"neve_meta_title_alignment":"","neve_meta_author_avatar":"","neve_post_elements_order":"","neve_meta_disable_header":"","neve_meta_disable_footer":"","neve_meta_disable_title":"","neve_meta_reading_time":"","_themeisle_gutenberg_block_has_review":false,"footnotes":""},"categories":[210],"tags":[],"class_list":["post-34934","post","type-post","status-publish","format-standard","has-post-thumbnail","hentry","category-non-classifiee"],"yoast_head":"<!-- This site is optimized with the Yoast SEO plugin v27.1.1 - https:\/\/yoast.com\/product\/yoast-seo-wordpress\/ -->\n<title>Interview de Jim Moir par ITV au Cornwall Contemporary - Cornwall Contemporary<\/title>\n<meta name=\"description\" content=\"Interview par ITV de Jim Moir, \u00e9galement connu sous le nom de Vic Reeves, lors de son exposition \u00e0 la galerie Cornwall Contemporary de Penzance.\" \/>\n<meta name=\"robots\" content=\"index, follow, max-snippet:-1, max-image-preview:large, max-video-preview:-1\" \/>\n<link rel=\"canonical\" href=\"https:\/\/www.cornwallcontemporary.com\/fr\/interview-de-jim-moir-par-itv-au-cornwall-contemporary\/\" \/>\n<meta property=\"og:locale\" content=\"fr_FR\" \/>\n<meta property=\"og:type\" content=\"article\" \/>\n<meta property=\"og:title\" content=\"Interview de Jim Moir par ITV au Cornwall Contemporary - Cornwall Contemporary\" \/>\n<meta property=\"og:description\" content=\"Interview par ITV de Jim Moir, \u00e9galement connu sous le nom de Vic Reeves, lors de son exposition \u00e0 la galerie Cornwall Contemporary de Penzance.\" \/>\n<meta property=\"og:url\" content=\"https:\/\/www.cornwallcontemporary.com\/fr\/interview-de-jim-moir-par-itv-au-cornwall-contemporary\/\" \/>\n<meta property=\"og:site_name\" content=\"Cornwall Contemporary\" \/>\n<meta property=\"article:published_time\" content=\"2022-09-14T09:21:43+00:00\" \/>\n<meta property=\"article:modified_time\" content=\"2022-09-20T14:59:51+00:00\" \/>\n<meta property=\"og:image\" content=\"https:\/\/www.cornwallcontemporary.com\/wp-content\/uploads\/2022\/09\/Jim-Moir-on-ITV-news-at-Cornwall-Contemporary-gallery-in-Penzance.jpg\" \/>\n\t<meta property=\"og:image:width\" content=\"1272\" \/>\n\t<meta property=\"og:image:height\" content=\"710\" \/>\n\t<meta property=\"og:image:type\" content=\"image\/jpeg\" \/>\n<meta name=\"author\" content=\"Sarah Brittain-Mansbridge\" \/>\n<meta name=\"twitter:card\" content=\"summary_large_image\" \/>\n<meta name=\"twitter:label1\" content=\"\u00c9crit par\" \/>\n\t<meta name=\"twitter:data1\" content=\"Sarah Brittain-Mansbridge\" \/>\n<script type=\"application\/ld+json\" class=\"yoast-schema-graph\">{\"@context\":\"https:\/\/schema.org\",\"@graph\":[{\"@type\":\"Article\",\"@id\":\"https:\/\/www.cornwallcontemporary.com\/fr\/interview-de-jim-moir-par-itv-au-cornwall-contemporary\/#article\",\"isPartOf\":{\"@id\":\"https:\/\/www.cornwallcontemporary.com\/fr\/interview-de-jim-moir-par-itv-au-cornwall-contemporary\/\"},\"author\":{\"name\":\"Sarah Brittain-Mansbridge\",\"@id\":\"https:\/\/www.cornwallcontemporary.com\/fr\/#\/schema\/person\/1ffa8e44c88804e00ec90b303d567dc3\"},\"headline\":\"Interview de Jim Moir par ITV au Cornwall Contemporary\",\"datePublished\":\"2022-09-14T09:21:43+00:00\",\"dateModified\":\"2022-09-20T14:59:51+00:00\",\"mainEntityOfPage\":{\"@id\":\"https:\/\/www.cornwallcontemporary.com\/fr\/interview-de-jim-moir-par-itv-au-cornwall-contemporary\/\"},\"wordCount\":62,\"commentCount\":0,\"publisher\":{\"@id\":\"https:\/\/www.cornwallcontemporary.com\/fr\/#organization\"},\"image\":{\"@id\":\"https:\/\/www.cornwallcontemporary.com\/fr\/interview-de-jim-moir-par-itv-au-cornwall-contemporary\/#primaryimage\"},\"thumbnailUrl\":\"https:\/\/www.cornwallcontemporary.com\/wp-content\/uploads\/2022\/09\/Jim-Moir-on-ITV-news-at-Cornwall-Contemporary-gallery-in-Penzance.jpg\",\"articleSection\":[\"Non classifi\u00e9(e)\"],\"inLanguage\":\"fr-FR\",\"potentialAction\":[{\"@type\":\"CommentAction\",\"name\":\"Comment\",\"target\":[\"https:\/\/www.cornwallcontemporary.com\/fr\/interview-de-jim-moir-par-itv-au-cornwall-contemporary\/#respond\"]}]},{\"@type\":\"WebPage\",\"@id\":\"https:\/\/www.cornwallcontemporary.com\/fr\/interview-de-jim-moir-par-itv-au-cornwall-contemporary\/\",\"url\":\"https:\/\/www.cornwallcontemporary.com\/fr\/interview-de-jim-moir-par-itv-au-cornwall-contemporary\/\",\"name\":\"Interview de Jim Moir par ITV au Cornwall Contemporary - Cornwall Contemporary\",\"isPartOf\":{\"@id\":\"https:\/\/www.cornwallcontemporary.com\/fr\/#website\"},\"primaryImageOfPage\":{\"@id\":\"https:\/\/www.cornwallcontemporary.com\/fr\/interview-de-jim-moir-par-itv-au-cornwall-contemporary\/#primaryimage\"},\"image\":{\"@id\":\"https:\/\/www.cornwallcontemporary.com\/fr\/interview-de-jim-moir-par-itv-au-cornwall-contemporary\/#primaryimage\"},\"thumbnailUrl\":\"https:\/\/www.cornwallcontemporary.com\/wp-content\/uploads\/2022\/09\/Jim-Moir-on-ITV-news-at-Cornwall-Contemporary-gallery-in-Penzance.jpg\",\"datePublished\":\"2022-09-14T09:21:43+00:00\",\"dateModified\":\"2022-09-20T14:59:51+00:00\",\"description\":\"Interview par ITV de Jim Moir, \u00e9galement connu sous le nom de Vic Reeves, lors de son exposition \u00e0 la galerie Cornwall Contemporary de Penzance.\",\"breadcrumb\":{\"@id\":\"https:\/\/www.cornwallcontemporary.com\/fr\/interview-de-jim-moir-par-itv-au-cornwall-contemporary\/#breadcrumb\"},\"inLanguage\":\"fr-FR\",\"potentialAction\":[{\"@type\":\"ReadAction\",\"target\":[\"https:\/\/www.cornwallcontemporary.com\/fr\/interview-de-jim-moir-par-itv-au-cornwall-contemporary\/\"]}]},{\"@type\":\"ImageObject\",\"inLanguage\":\"fr-FR\",\"@id\":\"https:\/\/www.cornwallcontemporary.com\/fr\/interview-de-jim-moir-par-itv-au-cornwall-contemporary\/#primaryimage\",\"url\":\"https:\/\/www.cornwallcontemporary.com\/wp-content\/uploads\/2022\/09\/Jim-Moir-on-ITV-news-at-Cornwall-Contemporary-gallery-in-Penzance.jpg\",\"contentUrl\":\"https:\/\/www.cornwallcontemporary.com\/wp-content\/uploads\/2022\/09\/Jim-Moir-on-ITV-news-at-Cornwall-Contemporary-gallery-in-Penzance.jpg\",\"width\":1272,\"height\":710},{\"@type\":\"BreadcrumbList\",\"@id\":\"https:\/\/www.cornwallcontemporary.com\/fr\/interview-de-jim-moir-par-itv-au-cornwall-contemporary\/#breadcrumb\",\"itemListElement\":[{\"@type\":\"ListItem\",\"position\":1,\"name\":\"Home\",\"item\":\"https:\/\/www.cornwallcontemporary.com\/fr\/accueil\/\"},{\"@type\":\"ListItem\",\"position\":2,\"name\":\"Interview de Jim Moir par ITV au Cornwall Contemporary\"}]},{\"@type\":\"WebSite\",\"@id\":\"https:\/\/www.cornwallcontemporary.com\/fr\/#website\",\"url\":\"https:\/\/www.cornwallcontemporary.com\/fr\/\",\"name\":\"Cornwall Contemporary\",\"description\":\"Art Gallery, Penzance, Cornwall\",\"publisher\":{\"@id\":\"https:\/\/www.cornwallcontemporary.com\/fr\/#organization\"},\"potentialAction\":[{\"@type\":\"SearchAction\",\"target\":{\"@type\":\"EntryPoint\",\"urlTemplate\":\"https:\/\/www.cornwallcontemporary.com\/fr\/?s={search_term_string}\"},\"query-input\":{\"@type\":\"PropertyValueSpecification\",\"valueRequired\":true,\"valueName\":\"search_term_string\"}}],\"inLanguage\":\"fr-FR\"},{\"@type\":\"Organization\",\"@id\":\"https:\/\/www.cornwallcontemporary.com\/fr\/#organization\",\"name\":\"Cornwall Contemporary\",\"url\":\"https:\/\/www.cornwallcontemporary.com\/fr\/\",\"logo\":{\"@type\":\"ImageObject\",\"inLanguage\":\"fr-FR\",\"@id\":\"https:\/\/www.cornwallcontemporary.com\/fr\/#\/schema\/logo\/image\/\",\"url\":\"https:\/\/www.cornwallcontemporary.com\/wp-content\/uploads\/2020\/01\/neve-artist-icon.png\",\"contentUrl\":\"https:\/\/www.cornwallcontemporary.com\/wp-content\/uploads\/2020\/01\/neve-artist-icon.png\",\"width\":512,\"height\":512,\"caption\":\"Cornwall Contemporary\"},\"image\":{\"@id\":\"https:\/\/www.cornwallcontemporary.com\/fr\/#\/schema\/logo\/image\/\"}},{\"@type\":\"Person\",\"@id\":\"https:\/\/www.cornwallcontemporary.com\/fr\/#\/schema\/person\/1ffa8e44c88804e00ec90b303d567dc3\",\"name\":\"Sarah Brittain-Mansbridge\",\"image\":{\"@type\":\"ImageObject\",\"inLanguage\":\"fr-FR\",\"@id\":\"https:\/\/www.cornwallcontemporary.com\/fr\/#\/schema\/person\/image\/\",\"url\":\"https:\/\/secure.gravatar.com\/avatar\/8fef019008d19b02c9effab98a0b7cc46734f846b84f53718beb447d60a139b9?s=96&d=mm&r=g\",\"contentUrl\":\"https:\/\/secure.gravatar.com\/avatar\/8fef019008d19b02c9effab98a0b7cc46734f846b84f53718beb447d60a139b9?s=96&d=mm&r=g\",\"caption\":\"Sarah Brittain-Mansbridge\"},\"url\":\"https:\/\/www.cornwallcontemporary.com\/fr\/author\/sarahcc\/\"}]}<\/script>\n<!-- \/ Yoast SEO plugin. -->","yoast_head_json":{"title":"Interview de Jim Moir par ITV au Cornwall Contemporary - Cornwall Contemporary","description":"Interview par ITV de Jim Moir, \u00e9galement connu sous le nom de Vic Reeves, lors de son exposition \u00e0 la galerie Cornwall Contemporary de Penzance.","robots":{"index":"index","follow":"follow","max-snippet":"max-snippet:-1","max-image-preview":"max-image-preview:large","max-video-preview":"max-video-preview:-1"},"canonical":"https:\/\/www.cornwallcontemporary.com\/fr\/interview-de-jim-moir-par-itv-au-cornwall-contemporary\/","og_locale":"fr_FR","og_type":"article","og_title":"Interview de Jim Moir par ITV au Cornwall Contemporary - Cornwall Contemporary","og_description":"Interview par ITV de Jim Moir, \u00e9galement connu sous le nom de Vic Reeves, lors de son exposition \u00e0 la galerie Cornwall Contemporary de Penzance.","og_url":"https:\/\/www.cornwallcontemporary.com\/fr\/interview-de-jim-moir-par-itv-au-cornwall-contemporary\/","og_site_name":"Cornwall Contemporary","article_published_time":"2022-09-14T09:21:43+00:00","article_modified_time":"2022-09-20T14:59:51+00:00","og_image":[{"width":1272,"height":710,"url":"https:\/\/www.cornwallcontemporary.com\/wp-content\/uploads\/2022\/09\/Jim-Moir-on-ITV-news-at-Cornwall-Contemporary-gallery-in-Penzance.jpg","type":"image\/jpeg"}],"author":"Sarah Brittain-Mansbridge","twitter_card":"summary_large_image","twitter_misc":{"\u00c9crit par":"Sarah Brittain-Mansbridge"},"schema":{"@context":"https:\/\/schema.org","@graph":[{"@type":"Article","@id":"https:\/\/www.cornwallcontemporary.com\/fr\/interview-de-jim-moir-par-itv-au-cornwall-contemporary\/#article","isPartOf":{"@id":"https:\/\/www.cornwallcontemporary.com\/fr\/interview-de-jim-moir-par-itv-au-cornwall-contemporary\/"},"author":{"name":"Sarah Brittain-Mansbridge","@id":"https:\/\/www.cornwallcontemporary.com\/fr\/#\/schema\/person\/1ffa8e44c88804e00ec90b303d567dc3"},"headline":"Interview de Jim Moir par ITV au Cornwall Contemporary","datePublished":"2022-09-14T09:21:43+00:00","dateModified":"2022-09-20T14:59:51+00:00","mainEntityOfPage":{"@id":"https:\/\/www.cornwallcontemporary.com\/fr\/interview-de-jim-moir-par-itv-au-cornwall-contemporary\/"},"wordCount":62,"commentCount":0,"publisher":{"@id":"https:\/\/www.cornwallcontemporary.com\/fr\/#organization"},"image":{"@id":"https:\/\/www.cornwallcontemporary.com\/fr\/interview-de-jim-moir-par-itv-au-cornwall-contemporary\/#primaryimage"},"thumbnailUrl":"https:\/\/www.cornwallcontemporary.com\/wp-content\/uploads\/2022\/09\/Jim-Moir-on-ITV-news-at-Cornwall-Contemporary-gallery-in-Penzance.jpg","articleSection":["Non classifi\u00e9(e)"],"inLanguage":"fr-FR","potentialAction":[{"@type":"CommentAction","name":"Comment","target":["https:\/\/www.cornwallcontemporary.com\/fr\/interview-de-jim-moir-par-itv-au-cornwall-contemporary\/#respond"]}]},{"@type":"WebPage","@id":"https:\/\/www.cornwallcontemporary.com\/fr\/interview-de-jim-moir-par-itv-au-cornwall-contemporary\/","url":"https:\/\/www.cornwallcontemporary.com\/fr\/interview-de-jim-moir-par-itv-au-cornwall-contemporary\/","name":"Interview de Jim Moir par ITV au Cornwall Contemporary - Cornwall Contemporary","isPartOf":{"@id":"https:\/\/www.cornwallcontemporary.com\/fr\/#website"},"primaryImageOfPage":{"@id":"https:\/\/www.cornwallcontemporary.com\/fr\/interview-de-jim-moir-par-itv-au-cornwall-contemporary\/#primaryimage"},"image":{"@id":"https:\/\/www.cornwallcontemporary.com\/fr\/interview-de-jim-moir-par-itv-au-cornwall-contemporary\/#primaryimage"},"thumbnailUrl":"https:\/\/www.cornwallcontemporary.com\/wp-content\/uploads\/2022\/09\/Jim-Moir-on-ITV-news-at-Cornwall-Contemporary-gallery-in-Penzance.jpg","datePublished":"2022-09-14T09:21:43+00:00","dateModified":"2022-09-20T14:59:51+00:00","description":"Interview par ITV de Jim Moir, \u00e9galement connu sous le nom de Vic Reeves, lors de son exposition \u00e0 la galerie Cornwall Contemporary de Penzance.","breadcrumb":{"@id":"https:\/\/www.cornwallcontemporary.com\/fr\/interview-de-jim-moir-par-itv-au-cornwall-contemporary\/#breadcrumb"},"inLanguage":"fr-FR","potentialAction":[{"@type":"ReadAction","target":["https:\/\/www.cornwallcontemporary.com\/fr\/interview-de-jim-moir-par-itv-au-cornwall-contemporary\/"]}]},{"@type":"ImageObject","inLanguage":"fr-FR","@id":"https:\/\/www.cornwallcontemporary.com\/fr\/interview-de-jim-moir-par-itv-au-cornwall-contemporary\/#primaryimage","url":"https:\/\/www.cornwallcontemporary.com\/wp-content\/uploads\/2022\/09\/Jim-Moir-on-ITV-news-at-Cornwall-Contemporary-gallery-in-Penzance.jpg","contentUrl":"https:\/\/www.cornwallcontemporary.com\/wp-content\/uploads\/2022\/09\/Jim-Moir-on-ITV-news-at-Cornwall-Contemporary-gallery-in-Penzance.jpg","width":1272,"height":710},{"@type":"BreadcrumbList","@id":"https:\/\/www.cornwallcontemporary.com\/fr\/interview-de-jim-moir-par-itv-au-cornwall-contemporary\/#breadcrumb","itemListElement":[{"@type":"ListItem","position":1,"name":"Home","item":"https:\/\/www.cornwallcontemporary.com\/fr\/accueil\/"},{"@type":"ListItem","position":2,"name":"Interview de Jim Moir par ITV au Cornwall Contemporary"}]},{"@type":"WebSite","@id":"https:\/\/www.cornwallcontemporary.com\/fr\/#website","url":"https:\/\/www.cornwallcontemporary.com\/fr\/","name":"Cornwall Contemporary","description":"Art Gallery, Penzance, Cornwall","publisher":{"@id":"https:\/\/www.cornwallcontemporary.com\/fr\/#organization"},"potentialAction":[{"@type":"SearchAction","target":{"@type":"EntryPoint","urlTemplate":"https:\/\/www.cornwallcontemporary.com\/fr\/?s={search_term_string}"},"query-input":{"@type":"PropertyValueSpecification","valueRequired":true,"valueName":"search_term_string"}}],"inLanguage":"fr-FR"},{"@type":"Organization","@id":"https:\/\/www.cornwallcontemporary.com\/fr\/#organization","name":"Cornwall Contemporary","url":"https:\/\/www.cornwallcontemporary.com\/fr\/","logo":{"@type":"ImageObject","inLanguage":"fr-FR","@id":"https:\/\/www.cornwallcontemporary.com\/fr\/#\/schema\/logo\/image\/","url":"https:\/\/www.cornwallcontemporary.com\/wp-content\/uploads\/2020\/01\/neve-artist-icon.png","contentUrl":"https:\/\/www.cornwallcontemporary.com\/wp-content\/uploads\/2020\/01\/neve-artist-icon.png","width":512,"height":512,"caption":"Cornwall Contemporary"},"image":{"@id":"https:\/\/www.cornwallcontemporary.com\/fr\/#\/schema\/logo\/image\/"}},{"@type":"Person","@id":"https:\/\/www.cornwallcontemporary.com\/fr\/#\/schema\/person\/1ffa8e44c88804e00ec90b303d567dc3","name":"Sarah Brittain-Mansbridge","image":{"@type":"ImageObject","inLanguage":"fr-FR","@id":"https:\/\/www.cornwallcontemporary.com\/fr\/#\/schema\/person\/image\/","url":"https:\/\/secure.gravatar.com\/avatar\/8fef019008d19b02c9effab98a0b7cc46734f846b84f53718beb447d60a139b9?s=96&d=mm&r=g","contentUrl":"https:\/\/secure.gravatar.com\/avatar\/8fef019008d19b02c9effab98a0b7cc46734f846b84f53718beb447d60a139b9?s=96&d=mm&r=g","caption":"Sarah Brittain-Mansbridge"},"url":"https:\/\/www.cornwallcontemporary.com\/fr\/author\/sarahcc\/"}]}},"_links":{"self":[{"href":"https:\/\/www.cornwallcontemporary.com\/fr\/wp-json\/wp\/v2\/posts\/34934","targetHints":{"allow":["GET"]}}],"collection":[{"href":"https:\/\/www.cornwallcontemporary.com\/fr\/wp-json\/wp\/v2\/posts"}],"about":[{"href":"https:\/\/www.cornwallcontemporary.com\/fr\/wp-json\/wp\/v2\/types\/post"}],"author":[{"embeddable":true,"href":"https:\/\/www.cornwallcontemporary.com\/fr\/wp-json\/wp\/v2\/users\/2"}],"replies":[{"embeddable":true,"href":"https:\/\/www.cornwallcontemporary.com\/fr\/wp-json\/wp\/v2\/comments?post=34934"}],"version-history":[{"count":1,"href":"https:\/\/www.cornwallcontemporary.com\/fr\/wp-json\/wp\/v2\/posts\/34934\/revisions"}],"predecessor-version":[{"id":34935,"href":"https:\/\/www.cornwallcontemporary.com\/fr\/wp-json\/wp\/v2\/posts\/34934\/revisions\/34935"}],"wp:featuredmedia":[{"embeddable":true,"href":"https:\/\/www.cornwallcontemporary.com\/fr\/wp-json\/wp\/v2\/media\/34856"}],"wp:attachment":[{"href":"https:\/\/www.cornwallcontemporary.com\/fr\/wp-json\/wp\/v2\/media?parent=34934"}],"wp:term":[{"taxonomy":"category","embeddable":true,"href":"https:\/\/www.cornwallcontemporary.com\/fr\/wp-json\/wp\/v2\/categories?post=34934"},{"taxonomy":"post_tag","embeddable":true,"href":"https:\/\/www.cornwallcontemporary.com\/fr\/wp-json\/wp\/v2\/tags?post=34934"}],"curies":[{"name":"wp","href":"https:\/\/api.w.org\/{rel}","templated":true}]}}