{"id":34928,"date":"2022-09-14T10:21:43","date_gmt":"2022-09-14T09:21:43","guid":{"rendered":"https:\/\/www.cornwallcontemporary.com\/itv-entrevista-a-jim-moir-en-cornwall-contemporary\/"},"modified":"2022-09-20T15:58:47","modified_gmt":"2022-09-20T14:58:47","slug":"itv-entrevista-a-jim-moir-en-cornwall-contemporary","status":"publish","type":"post","link":"https:\/\/www.cornwallcontemporary.com\/es\/itv-entrevista-a-jim-moir-en-cornwall-contemporary\/","title":{"rendered":"ITV entrevista a Jim Moir en Cornwall Contemporary"},"content":{"rendered":"\n<figure class=\"wp-block-embed is-type-video is-provider-youtube wp-block-embed-youtube wp-embed-aspect-16-9 wp-has-aspect-ratio\"><div class=\"wp-block-embed__wrapper\">\n<div class=\"nv-iframe-embed\"><iframe loading=\"lazy\" title=\"ITV interview with Jim Moir aka Vic Reeves at Cornwall Contemporary\" width=\"1200\" height=\"675\" src=\"https:\/\/www.youtube.com\/embed\/Rp4JnlCFPWc?feature=oembed\" frameborder=\"0\" allow=\"accelerometer; autoplay; clipboard-write; encrypted-media; gyroscope; picture-in-picture\" allowfullscreen><\/iframe><\/div>\n<\/div><\/figure>\n\n<p>ITV visita la galer\u00eda Cornwall Contemporary y la reportera Charlotte Gay entrevista al artista Jim Moir, tambi\u00e9n conocido como el c\u00f3mico, actor, presentador y autor Vic Reeves, sobre su primera exposici\u00f3n individual de pintura y escultura en Cornualles.<\/p>\n","protected":false},"excerpt":{"rendered":"<p>ITV visita la galer\u00eda Cornwall Contemporary y la reportera Charlotte Gay entrevista al artista Jim Moir, tambi\u00e9n conocido como el c\u00f3mico, actor, presentador y autor Vic Reeves, sobre su primera exposici\u00f3n individual de pintura y escultura en Cornualles.<\/p>\n","protected":false},"author":2,"featured_media":34859,"comment_status":"open","ping_status":"open","sticky":false,"template":"","format":"standard","meta":{"_monsterinsights_skip_tracking":false,"_monsterinsights_sitenote_active":false,"_monsterinsights_sitenote_note":"","_monsterinsights_sitenote_category":0,"neve_meta_sidebar":"","neve_meta_container":"","neve_meta_enable_content_width":"","neve_meta_content_width":0,"neve_meta_title_alignment":"","neve_meta_author_avatar":"","neve_post_elements_order":"","neve_meta_disable_header":"","neve_meta_disable_footer":"","neve_meta_disable_title":"","neve_meta_reading_time":"","_themeisle_gutenberg_block_has_review":false,"footnotes":""},"categories":[213],"tags":[],"class_list":["post-34928","post","type-post","status-publish","format-standard","has-post-thumbnail","hentry","category-sin-categorizar"],"yoast_head":"<!-- This site is optimized with the Yoast SEO plugin v27.1.1 - https:\/\/yoast.com\/product\/yoast-seo-wordpress\/ -->\n<title>ITV entrevista a Jim Moir en Cornwall Contemporary - Cornwall Contemporary<\/title>\n<meta name=\"description\" content=\"ITV entrevista a Jim Moir, tambi\u00e9n conocido como el c\u00f3mico Vic Reeves, en su exposici\u00f3n en la galer\u00eda Cornwall Contemporary de Penzance\" \/>\n<meta name=\"robots\" content=\"index, follow, max-snippet:-1, max-image-preview:large, max-video-preview:-1\" \/>\n<link rel=\"canonical\" href=\"https:\/\/www.cornwallcontemporary.com\/es\/itv-entrevista-a-jim-moir-en-cornwall-contemporary\/\" \/>\n<meta property=\"og:locale\" content=\"es_ES\" \/>\n<meta property=\"og:type\" content=\"article\" \/>\n<meta property=\"og:title\" content=\"ITV entrevista a Jim Moir en Cornwall Contemporary - Cornwall Contemporary\" \/>\n<meta property=\"og:description\" content=\"ITV entrevista a Jim Moir, tambi\u00e9n conocido como el c\u00f3mico Vic Reeves, en su exposici\u00f3n en la galer\u00eda Cornwall Contemporary de Penzance\" \/>\n<meta property=\"og:url\" content=\"https:\/\/www.cornwallcontemporary.com\/es\/itv-entrevista-a-jim-moir-en-cornwall-contemporary\/\" \/>\n<meta property=\"og:site_name\" content=\"Cornwall Contemporary\" \/>\n<meta property=\"article:published_time\" content=\"2022-09-14T09:21:43+00:00\" \/>\n<meta property=\"article:modified_time\" content=\"2022-09-20T14:58:47+00:00\" \/>\n<meta property=\"og:image\" content=\"https:\/\/www.cornwallcontemporary.com\/wp-content\/uploads\/2022\/09\/Jim-Moir-on-ITV-news-at-Cornwall-Contemporary-gallery-in-Penzance.jpg\" \/>\n\t<meta property=\"og:image:width\" content=\"1272\" \/>\n\t<meta property=\"og:image:height\" content=\"710\" \/>\n\t<meta property=\"og:image:type\" content=\"image\/jpeg\" \/>\n<meta name=\"author\" content=\"Sarah Brittain-Mansbridge\" \/>\n<meta name=\"twitter:card\" content=\"summary_large_image\" \/>\n<meta name=\"twitter:label1\" content=\"Escrito por\" \/>\n\t<meta name=\"twitter:data1\" content=\"Sarah Brittain-Mansbridge\" \/>\n<script type=\"application\/ld+json\" class=\"yoast-schema-graph\">{\"@context\":\"https:\/\/schema.org\",\"@graph\":[{\"@type\":\"Article\",\"@id\":\"https:\/\/www.cornwallcontemporary.com\/es\/itv-entrevista-a-jim-moir-en-cornwall-contemporary\/#article\",\"isPartOf\":{\"@id\":\"https:\/\/www.cornwallcontemporary.com\/es\/itv-entrevista-a-jim-moir-en-cornwall-contemporary\/\"},\"author\":{\"name\":\"Sarah Brittain-Mansbridge\",\"@id\":\"https:\/\/www.cornwallcontemporary.com\/es\/#\/schema\/person\/1ffa8e44c88804e00ec90b303d567dc3\"},\"headline\":\"ITV entrevista a Jim Moir en Cornwall Contemporary\",\"datePublished\":\"2022-09-14T09:21:43+00:00\",\"dateModified\":\"2022-09-20T14:58:47+00:00\",\"mainEntityOfPage\":{\"@id\":\"https:\/\/www.cornwallcontemporary.com\/es\/itv-entrevista-a-jim-moir-en-cornwall-contemporary\/\"},\"wordCount\":55,\"commentCount\":0,\"publisher\":{\"@id\":\"https:\/\/www.cornwallcontemporary.com\/es\/#organization\"},\"image\":{\"@id\":\"https:\/\/www.cornwallcontemporary.com\/es\/itv-entrevista-a-jim-moir-en-cornwall-contemporary\/#primaryimage\"},\"thumbnailUrl\":\"https:\/\/www.cornwallcontemporary.com\/wp-content\/uploads\/2022\/09\/Jim-Moir-on-ITV-news-at-Cornwall-Contemporary-gallery-in-Penzance.jpg\",\"articleSection\":[\"Sin categorizar\"],\"inLanguage\":\"es\",\"potentialAction\":[{\"@type\":\"CommentAction\",\"name\":\"Comment\",\"target\":[\"https:\/\/www.cornwallcontemporary.com\/es\/itv-entrevista-a-jim-moir-en-cornwall-contemporary\/#respond\"]}]},{\"@type\":\"WebPage\",\"@id\":\"https:\/\/www.cornwallcontemporary.com\/es\/itv-entrevista-a-jim-moir-en-cornwall-contemporary\/\",\"url\":\"https:\/\/www.cornwallcontemporary.com\/es\/itv-entrevista-a-jim-moir-en-cornwall-contemporary\/\",\"name\":\"ITV entrevista a Jim Moir en Cornwall Contemporary - Cornwall Contemporary\",\"isPartOf\":{\"@id\":\"https:\/\/www.cornwallcontemporary.com\/es\/#website\"},\"primaryImageOfPage\":{\"@id\":\"https:\/\/www.cornwallcontemporary.com\/es\/itv-entrevista-a-jim-moir-en-cornwall-contemporary\/#primaryimage\"},\"image\":{\"@id\":\"https:\/\/www.cornwallcontemporary.com\/es\/itv-entrevista-a-jim-moir-en-cornwall-contemporary\/#primaryimage\"},\"thumbnailUrl\":\"https:\/\/www.cornwallcontemporary.com\/wp-content\/uploads\/2022\/09\/Jim-Moir-on-ITV-news-at-Cornwall-Contemporary-gallery-in-Penzance.jpg\",\"datePublished\":\"2022-09-14T09:21:43+00:00\",\"dateModified\":\"2022-09-20T14:58:47+00:00\",\"description\":\"ITV entrevista a Jim Moir, tambi\u00e9n conocido como el c\u00f3mico Vic Reeves, en su exposici\u00f3n en la galer\u00eda Cornwall Contemporary de Penzance\",\"breadcrumb\":{\"@id\":\"https:\/\/www.cornwallcontemporary.com\/es\/itv-entrevista-a-jim-moir-en-cornwall-contemporary\/#breadcrumb\"},\"inLanguage\":\"es\",\"potentialAction\":[{\"@type\":\"ReadAction\",\"target\":[\"https:\/\/www.cornwallcontemporary.com\/es\/itv-entrevista-a-jim-moir-en-cornwall-contemporary\/\"]}]},{\"@type\":\"ImageObject\",\"inLanguage\":\"es\",\"@id\":\"https:\/\/www.cornwallcontemporary.com\/es\/itv-entrevista-a-jim-moir-en-cornwall-contemporary\/#primaryimage\",\"url\":\"https:\/\/www.cornwallcontemporary.com\/wp-content\/uploads\/2022\/09\/Jim-Moir-on-ITV-news-at-Cornwall-Contemporary-gallery-in-Penzance.jpg\",\"contentUrl\":\"https:\/\/www.cornwallcontemporary.com\/wp-content\/uploads\/2022\/09\/Jim-Moir-on-ITV-news-at-Cornwall-Contemporary-gallery-in-Penzance.jpg\",\"width\":1272,\"height\":710},{\"@type\":\"BreadcrumbList\",\"@id\":\"https:\/\/www.cornwallcontemporary.com\/es\/itv-entrevista-a-jim-moir-en-cornwall-contemporary\/#breadcrumb\",\"itemListElement\":[{\"@type\":\"ListItem\",\"position\":1,\"name\":\"Home\",\"item\":\"https:\/\/www.cornwallcontemporary.com\/es\/casa\/\"},{\"@type\":\"ListItem\",\"position\":2,\"name\":\"ITV entrevista a Jim Moir en Cornwall Contemporary\"}]},{\"@type\":\"WebSite\",\"@id\":\"https:\/\/www.cornwallcontemporary.com\/es\/#website\",\"url\":\"https:\/\/www.cornwallcontemporary.com\/es\/\",\"name\":\"Cornwall Contemporary\",\"description\":\"Art Gallery, Penzance, Cornwall\",\"publisher\":{\"@id\":\"https:\/\/www.cornwallcontemporary.com\/es\/#organization\"},\"potentialAction\":[{\"@type\":\"SearchAction\",\"target\":{\"@type\":\"EntryPoint\",\"urlTemplate\":\"https:\/\/www.cornwallcontemporary.com\/es\/?s={search_term_string}\"},\"query-input\":{\"@type\":\"PropertyValueSpecification\",\"valueRequired\":true,\"valueName\":\"search_term_string\"}}],\"inLanguage\":\"es\"},{\"@type\":\"Organization\",\"@id\":\"https:\/\/www.cornwallcontemporary.com\/es\/#organization\",\"name\":\"Cornwall Contemporary\",\"url\":\"https:\/\/www.cornwallcontemporary.com\/es\/\",\"logo\":{\"@type\":\"ImageObject\",\"inLanguage\":\"es\",\"@id\":\"https:\/\/www.cornwallcontemporary.com\/es\/#\/schema\/logo\/image\/\",\"url\":\"https:\/\/www.cornwallcontemporary.com\/wp-content\/uploads\/2020\/01\/neve-artist-icon.png\",\"contentUrl\":\"https:\/\/www.cornwallcontemporary.com\/wp-content\/uploads\/2020\/01\/neve-artist-icon.png\",\"width\":512,\"height\":512,\"caption\":\"Cornwall Contemporary\"},\"image\":{\"@id\":\"https:\/\/www.cornwallcontemporary.com\/es\/#\/schema\/logo\/image\/\"}},{\"@type\":\"Person\",\"@id\":\"https:\/\/www.cornwallcontemporary.com\/es\/#\/schema\/person\/1ffa8e44c88804e00ec90b303d567dc3\",\"name\":\"Sarah Brittain-Mansbridge\",\"image\":{\"@type\":\"ImageObject\",\"inLanguage\":\"es\",\"@id\":\"https:\/\/www.cornwallcontemporary.com\/es\/#\/schema\/person\/image\/\",\"url\":\"https:\/\/secure.gravatar.com\/avatar\/8fef019008d19b02c9effab98a0b7cc46734f846b84f53718beb447d60a139b9?s=96&d=mm&r=g\",\"contentUrl\":\"https:\/\/secure.gravatar.com\/avatar\/8fef019008d19b02c9effab98a0b7cc46734f846b84f53718beb447d60a139b9?s=96&d=mm&r=g\",\"caption\":\"Sarah Brittain-Mansbridge\"},\"url\":\"https:\/\/www.cornwallcontemporary.com\/es\/author\/sarahcc\/\"}]}<\/script>\n<!-- \/ Yoast SEO plugin. -->","yoast_head_json":{"title":"ITV entrevista a Jim Moir en Cornwall Contemporary - Cornwall Contemporary","description":"ITV entrevista a Jim Moir, tambi\u00e9n conocido como el c\u00f3mico Vic Reeves, en su exposici\u00f3n en la galer\u00eda Cornwall Contemporary de Penzance","robots":{"index":"index","follow":"follow","max-snippet":"max-snippet:-1","max-image-preview":"max-image-preview:large","max-video-preview":"max-video-preview:-1"},"canonical":"https:\/\/www.cornwallcontemporary.com\/es\/itv-entrevista-a-jim-moir-en-cornwall-contemporary\/","og_locale":"es_ES","og_type":"article","og_title":"ITV entrevista a Jim Moir en Cornwall Contemporary - Cornwall Contemporary","og_description":"ITV entrevista a Jim Moir, tambi\u00e9n conocido como el c\u00f3mico Vic Reeves, en su exposici\u00f3n en la galer\u00eda Cornwall Contemporary de Penzance","og_url":"https:\/\/www.cornwallcontemporary.com\/es\/itv-entrevista-a-jim-moir-en-cornwall-contemporary\/","og_site_name":"Cornwall Contemporary","article_published_time":"2022-09-14T09:21:43+00:00","article_modified_time":"2022-09-20T14:58:47+00:00","og_image":[{"width":1272,"height":710,"url":"https:\/\/www.cornwallcontemporary.com\/wp-content\/uploads\/2022\/09\/Jim-Moir-on-ITV-news-at-Cornwall-Contemporary-gallery-in-Penzance.jpg","type":"image\/jpeg"}],"author":"Sarah Brittain-Mansbridge","twitter_card":"summary_large_image","twitter_misc":{"Escrito por":"Sarah Brittain-Mansbridge"},"schema":{"@context":"https:\/\/schema.org","@graph":[{"@type":"Article","@id":"https:\/\/www.cornwallcontemporary.com\/es\/itv-entrevista-a-jim-moir-en-cornwall-contemporary\/#article","isPartOf":{"@id":"https:\/\/www.cornwallcontemporary.com\/es\/itv-entrevista-a-jim-moir-en-cornwall-contemporary\/"},"author":{"name":"Sarah Brittain-Mansbridge","@id":"https:\/\/www.cornwallcontemporary.com\/es\/#\/schema\/person\/1ffa8e44c88804e00ec90b303d567dc3"},"headline":"ITV entrevista a Jim Moir en Cornwall Contemporary","datePublished":"2022-09-14T09:21:43+00:00","dateModified":"2022-09-20T14:58:47+00:00","mainEntityOfPage":{"@id":"https:\/\/www.cornwallcontemporary.com\/es\/itv-entrevista-a-jim-moir-en-cornwall-contemporary\/"},"wordCount":55,"commentCount":0,"publisher":{"@id":"https:\/\/www.cornwallcontemporary.com\/es\/#organization"},"image":{"@id":"https:\/\/www.cornwallcontemporary.com\/es\/itv-entrevista-a-jim-moir-en-cornwall-contemporary\/#primaryimage"},"thumbnailUrl":"https:\/\/www.cornwallcontemporary.com\/wp-content\/uploads\/2022\/09\/Jim-Moir-on-ITV-news-at-Cornwall-Contemporary-gallery-in-Penzance.jpg","articleSection":["Sin categorizar"],"inLanguage":"es","potentialAction":[{"@type":"CommentAction","name":"Comment","target":["https:\/\/www.cornwallcontemporary.com\/es\/itv-entrevista-a-jim-moir-en-cornwall-contemporary\/#respond"]}]},{"@type":"WebPage","@id":"https:\/\/www.cornwallcontemporary.com\/es\/itv-entrevista-a-jim-moir-en-cornwall-contemporary\/","url":"https:\/\/www.cornwallcontemporary.com\/es\/itv-entrevista-a-jim-moir-en-cornwall-contemporary\/","name":"ITV entrevista a Jim Moir en Cornwall Contemporary - Cornwall Contemporary","isPartOf":{"@id":"https:\/\/www.cornwallcontemporary.com\/es\/#website"},"primaryImageOfPage":{"@id":"https:\/\/www.cornwallcontemporary.com\/es\/itv-entrevista-a-jim-moir-en-cornwall-contemporary\/#primaryimage"},"image":{"@id":"https:\/\/www.cornwallcontemporary.com\/es\/itv-entrevista-a-jim-moir-en-cornwall-contemporary\/#primaryimage"},"thumbnailUrl":"https:\/\/www.cornwallcontemporary.com\/wp-content\/uploads\/2022\/09\/Jim-Moir-on-ITV-news-at-Cornwall-Contemporary-gallery-in-Penzance.jpg","datePublished":"2022-09-14T09:21:43+00:00","dateModified":"2022-09-20T14:58:47+00:00","description":"ITV entrevista a Jim Moir, tambi\u00e9n conocido como el c\u00f3mico Vic Reeves, en su exposici\u00f3n en la galer\u00eda Cornwall Contemporary de Penzance","breadcrumb":{"@id":"https:\/\/www.cornwallcontemporary.com\/es\/itv-entrevista-a-jim-moir-en-cornwall-contemporary\/#breadcrumb"},"inLanguage":"es","potentialAction":[{"@type":"ReadAction","target":["https:\/\/www.cornwallcontemporary.com\/es\/itv-entrevista-a-jim-moir-en-cornwall-contemporary\/"]}]},{"@type":"ImageObject","inLanguage":"es","@id":"https:\/\/www.cornwallcontemporary.com\/es\/itv-entrevista-a-jim-moir-en-cornwall-contemporary\/#primaryimage","url":"https:\/\/www.cornwallcontemporary.com\/wp-content\/uploads\/2022\/09\/Jim-Moir-on-ITV-news-at-Cornwall-Contemporary-gallery-in-Penzance.jpg","contentUrl":"https:\/\/www.cornwallcontemporary.com\/wp-content\/uploads\/2022\/09\/Jim-Moir-on-ITV-news-at-Cornwall-Contemporary-gallery-in-Penzance.jpg","width":1272,"height":710},{"@type":"BreadcrumbList","@id":"https:\/\/www.cornwallcontemporary.com\/es\/itv-entrevista-a-jim-moir-en-cornwall-contemporary\/#breadcrumb","itemListElement":[{"@type":"ListItem","position":1,"name":"Home","item":"https:\/\/www.cornwallcontemporary.com\/es\/casa\/"},{"@type":"ListItem","position":2,"name":"ITV entrevista a Jim Moir en Cornwall Contemporary"}]},{"@type":"WebSite","@id":"https:\/\/www.cornwallcontemporary.com\/es\/#website","url":"https:\/\/www.cornwallcontemporary.com\/es\/","name":"Cornwall Contemporary","description":"Art Gallery, Penzance, Cornwall","publisher":{"@id":"https:\/\/www.cornwallcontemporary.com\/es\/#organization"},"potentialAction":[{"@type":"SearchAction","target":{"@type":"EntryPoint","urlTemplate":"https:\/\/www.cornwallcontemporary.com\/es\/?s={search_term_string}"},"query-input":{"@type":"PropertyValueSpecification","valueRequired":true,"valueName":"search_term_string"}}],"inLanguage":"es"},{"@type":"Organization","@id":"https:\/\/www.cornwallcontemporary.com\/es\/#organization","name":"Cornwall Contemporary","url":"https:\/\/www.cornwallcontemporary.com\/es\/","logo":{"@type":"ImageObject","inLanguage":"es","@id":"https:\/\/www.cornwallcontemporary.com\/es\/#\/schema\/logo\/image\/","url":"https:\/\/www.cornwallcontemporary.com\/wp-content\/uploads\/2020\/01\/neve-artist-icon.png","contentUrl":"https:\/\/www.cornwallcontemporary.com\/wp-content\/uploads\/2020\/01\/neve-artist-icon.png","width":512,"height":512,"caption":"Cornwall Contemporary"},"image":{"@id":"https:\/\/www.cornwallcontemporary.com\/es\/#\/schema\/logo\/image\/"}},{"@type":"Person","@id":"https:\/\/www.cornwallcontemporary.com\/es\/#\/schema\/person\/1ffa8e44c88804e00ec90b303d567dc3","name":"Sarah Brittain-Mansbridge","image":{"@type":"ImageObject","inLanguage":"es","@id":"https:\/\/www.cornwallcontemporary.com\/es\/#\/schema\/person\/image\/","url":"https:\/\/secure.gravatar.com\/avatar\/8fef019008d19b02c9effab98a0b7cc46734f846b84f53718beb447d60a139b9?s=96&d=mm&r=g","contentUrl":"https:\/\/secure.gravatar.com\/avatar\/8fef019008d19b02c9effab98a0b7cc46734f846b84f53718beb447d60a139b9?s=96&d=mm&r=g","caption":"Sarah Brittain-Mansbridge"},"url":"https:\/\/www.cornwallcontemporary.com\/es\/author\/sarahcc\/"}]}},"_links":{"self":[{"href":"https:\/\/www.cornwallcontemporary.com\/es\/wp-json\/wp\/v2\/posts\/34928","targetHints":{"allow":["GET"]}}],"collection":[{"href":"https:\/\/www.cornwallcontemporary.com\/es\/wp-json\/wp\/v2\/posts"}],"about":[{"href":"https:\/\/www.cornwallcontemporary.com\/es\/wp-json\/wp\/v2\/types\/post"}],"author":[{"embeddable":true,"href":"https:\/\/www.cornwallcontemporary.com\/es\/wp-json\/wp\/v2\/users\/2"}],"replies":[{"embeddable":true,"href":"https:\/\/www.cornwallcontemporary.com\/es\/wp-json\/wp\/v2\/comments?post=34928"}],"version-history":[{"count":1,"href":"https:\/\/www.cornwallcontemporary.com\/es\/wp-json\/wp\/v2\/posts\/34928\/revisions"}],"predecessor-version":[{"id":34929,"href":"https:\/\/www.cornwallcontemporary.com\/es\/wp-json\/wp\/v2\/posts\/34928\/revisions\/34929"}],"wp:featuredmedia":[{"embeddable":true,"href":"https:\/\/www.cornwallcontemporary.com\/es\/wp-json\/wp\/v2\/media\/34859"}],"wp:attachment":[{"href":"https:\/\/www.cornwallcontemporary.com\/es\/wp-json\/wp\/v2\/media?parent=34928"}],"wp:term":[{"taxonomy":"category","embeddable":true,"href":"https:\/\/www.cornwallcontemporary.com\/es\/wp-json\/wp\/v2\/categories?post=34928"},{"taxonomy":"post_tag","embeddable":true,"href":"https:\/\/www.cornwallcontemporary.com\/es\/wp-json\/wp\/v2\/tags?post=34928"}],"curies":[{"name":"wp","href":"https:\/\/api.w.org\/{rel}","templated":true}]}}